{"id":4561,"date":"2015-05-01T06:36:12","date_gmt":"2015-05-01T06:36:12","guid":{"rendered":"http:\/\/www.mikepotsdam.de\/?p=4561"},"modified":"2015-05-01T06:36:12","modified_gmt":"2015-05-01T06:36:12","slug":"hort-ag","status":"publish","type":"post","link":"https:\/\/www.mikepotsdam.de\/?p=4561","title":{"rendered":"Hort AG"},"content":{"rendered":"<p>Letzte Woche war ich im Lindenpark in Potsdam zur Gr\u00fcndung einer Hort AG. Geladen waren Hortleitungen und Horterzieher aus Potsdam und Umgebung um eben diese Hort AG zu gr\u00fcnden. Aber warum eigentlich, was wird denn im Hort gemacht? Die Kinder gehen in die Schule, dann in den Hort und da passen einige Erwachsene auf sie auf, bis die Eltern sie abholen, wozu denn da eine AG ?<\/p>\n<p>Das Bild des Erziehers im Hort ist wohl kaum das Beste, weder in der Gesellschaft noch in der Politik, eigentlich interessiert das nicht wirklich. Irgendwo zwischen Kita und Schule, ein unwichtiges Bindest\u00fcck in der sozialen Landschaft.<\/p>\n<p>Unwichtig? Nein, aber sicher vernachl\u00e4ssigt. So ist es schon zu sehen das es n Schulen zu Zeiten der beginnenden Inklusion F\u00f6rderlehrer sich um Kinder mit sozialen, geistigen oder k\u00f6rperlichen Einschr\u00e4nkungen bem\u00fchen und doch haben diese Kinder jeden Tag von Montag bis Freitag auf dem Weg von der Schule zum Hort eine Wunderheilung, denn dort ist niemand, Inklusion ist so sch\u00f6n auf dem Papier (denke die Kitas kennen das Problem auch).<\/p>\n<p>Hausaufgabenzeit, individuelle Lernzeit, diverse Angebot\u2026<\/p>\n<p>\u2026nein, unwichtig sicher nicht.<\/p>\n<p>Diese Hort AG wurde vom Ministerium angeregt, bleibt zu hoffen dass diese Anregung nicht nur einen Haken auf einer ToDo \u2013 Liste zur Folge hat sondern eine ernste Anregung war.<\/p>\n","protected":false},"excerpt":{"rendered":"<p>Letzte Woche war ich im Lindenpark in Potsdam zur Gr\u00fcndung einer Hort AG. Geladen waren Hortleitungen und Horterzieher aus Potsdam und Umgebung um eben diese Hort AG zu gr\u00fcnden. Aber warum eigentlich, was wird denn im Hort gemacht? Die Kinder gehen in die Schule, dann in den Hort und da passen einige Erwachsene auf sie &hellip; <\/p>\n<p class=\"link-more\"><a href=\"https:\/\/www.mikepotsdam.de\/?p=4561\" class=\"more-link\"><span class=\"screen-reader-text\">\u201eHort AG\u201c <\/span>weiterlesen<\/a><\/p>\n","protected":false},"author":6,"featured_media":0,"comment_status":"open","ping_status":"open","sticky":false,"template":"","format":"standard","meta":{"footnotes":""},"categories":[1],"tags":[],"class_list":["post-4561","post","type-post","status-publish","format-standard","hentry","category-allgemein"],"_links":{"self":[{"href":"https:\/\/www.mikepotsdam.de\/index.php?rest_route=\/wp\/v2\/posts\/4561","targetHints":{"allow":["GET"]}}],"collection":[{"href":"https:\/\/www.mikepotsdam.de\/index.php?rest_route=\/wp\/v2\/posts"}],"about":[{"href":"https:\/\/www.mikepotsdam.de\/index.php?rest_route=\/wp\/v2\/types\/post"}],"author":[{"embeddable":true,"href":"https:\/\/www.mikepotsdam.de\/index.php?rest_route=\/wp\/v2\/users\/6"}],"replies":[{"embeddable":true,"href":"https:\/\/www.mikepotsdam.de\/index.php?rest_route=%2Fwp%2Fv2%2Fcomments&post=4561"}],"version-history":[{"count":1,"href":"https:\/\/www.mikepotsdam.de\/index.php?rest_route=\/wp\/v2\/posts\/4561\/revisions"}],"predecessor-version":[{"id":4562,"href":"https:\/\/www.mikepotsdam.de\/index.php?rest_route=\/wp\/v2\/posts\/4561\/revisions\/4562"}],"wp:attachment":[{"href":"https:\/\/www.mikepotsdam.de\/index.php?rest_route=%2Fwp%2Fv2%2Fmedia&parent=4561"}],"wp:term":[{"taxonomy":"category","embeddable":true,"href":"https:\/\/www.mikepotsdam.de\/index.php?rest_route=%2Fwp%2Fv2%2Fcategories&post=4561"},{"taxonomy":"post_tag","embeddable":true,"href":"https:\/\/www.mikepotsdam.de\/index.php?rest_route=%2Fwp%2Fv2%2Ftags&post=4561"}],"curies":[{"name":"wp","href":"https:\/\/api.w.org\/{rel}","templated":true}]}}