{"id":5442,"date":"2015-12-28T12:43:24","date_gmt":"2015-12-28T12:43:24","guid":{"rendered":"http:\/\/www.mikepotsdam.de\/?p=5442"},"modified":"2015-12-28T12:43:24","modified_gmt":"2015-12-28T12:43:24","slug":"schulchaos-potsdam","status":"publish","type":"post","link":"https:\/\/www.mikepotsdam.de\/?p=5442","title":{"rendered":"Schulchaos Potsdam"},"content":{"rendered":"<p>JA ich komme mir etwas verarscht vor, aber beginnen wir von vorne. Fahrland und Neu-Fahrland wurden vor einigen Jahren in Potsdam eingemeindet. Fahrland hat eine Schule, Neu Fahrland nicht. Logischer Weise gehen alle Neu Fahrl\u00e4nder auf die Grundschule in Fahrland. Nun haben schlaue K\u00f6pfe beschlossen, dass Neu Fahrland nicht mehr zu Fahrland geh\u00f6rt und Matthes in einer Schule angemeldet werden soll\u2026die es nicht gibt, ich zitiere: <strong>\u201e\u2026ist die neu zu gr\u00fcndende Grundschule\u2026\u201c.<\/strong> Ah ja, eigentlich fehlen mir die Worte, vielleicht noch so viel das gerade der Neubau einer Gesamtschule in Potsdam wegen Baum\u00e4ngel nicht abgenommen wurde. Lacht mich aus, aber wir werden von Neu Fahrland nach Fahrland ziehen, dass Matthes auf eine Schule kommt die es gibt, die er kennt, wo seine Freunde sind\u2026da er ja jetzt schon dort in der Vorschule ist, in der Kita war. Alles zum Wohl des Kindes\u2026stand das nicht irgendwo??<\/p>\n<p><img loading=\"lazy\" decoding=\"async\" class=\"aligncenter wp-image-5443 size-full\" src=\"http:\/\/www.sternschnuppenkadaver.de\/wordpress\/wp-content\/uploads\/2015\/12\/WP_20151228_13_00_34_Pro.jpg\" alt=\"WP_20151228_13_00_34_Pro\" width=\"800\" height=\"82\" srcset=\"https:\/\/www.sternschnuppenkadaver.de\/wordpress\/wp-content\/uploads\/2015\/12\/WP_20151228_13_00_34_Pro.jpg 800w, https:\/\/www.sternschnuppenkadaver.de\/wordpress\/wp-content\/uploads\/2015\/12\/WP_20151228_13_00_34_Pro-300x31.jpg 300w, https:\/\/www.sternschnuppenkadaver.de\/wordpress\/wp-content\/uploads\/2015\/12\/WP_20151228_13_00_34_Pro-768x79.jpg 768w\" sizes=\"auto, (max-width: 767px) 89vw, (max-width: 1000px) 54vw, (max-width: 1071px) 543px, 580px\" \/><\/p>\n","protected":false},"excerpt":{"rendered":"<p>JA ich komme mir etwas verarscht vor, aber beginnen wir von vorne. Fahrland und Neu-Fahrland wurden vor einigen Jahren in Potsdam eingemeindet. Fahrland hat eine Schule, Neu Fahrland nicht. Logischer Weise gehen alle Neu Fahrl\u00e4nder auf die Grundschule in Fahrland. Nun haben schlaue K\u00f6pfe beschlossen, dass Neu Fahrland nicht mehr zu Fahrland geh\u00f6rt und Matthes &hellip; <\/p>\n<p class=\"link-more\"><a href=\"https:\/\/www.mikepotsdam.de\/?p=5442\" class=\"more-link\"><span class=\"screen-reader-text\">\u201eSchulchaos Potsdam\u201c <\/span>weiterlesen<\/a><\/p>\n","protected":false},"author":6,"featured_media":0,"comment_status":"open","ping_status":"open","sticky":false,"template":"","format":"standard","meta":{"footnotes":""},"categories":[1,12],"tags":[],"class_list":["post-5442","post","type-post","status-publish","format-standard","hentry","category-allgemein","category-familie"],"_links":{"self":[{"href":"https:\/\/www.mikepotsdam.de\/index.php?rest_route=\/wp\/v2\/posts\/5442","targetHints":{"allow":["GET"]}}],"collection":[{"href":"https:\/\/www.mikepotsdam.de\/index.php?rest_route=\/wp\/v2\/posts"}],"about":[{"href":"https:\/\/www.mikepotsdam.de\/index.php?rest_route=\/wp\/v2\/types\/post"}],"author":[{"embeddable":true,"href":"https:\/\/www.mikepotsdam.de\/index.php?rest_route=\/wp\/v2\/users\/6"}],"replies":[{"embeddable":true,"href":"https:\/\/www.mikepotsdam.de\/index.php?rest_route=%2Fwp%2Fv2%2Fcomments&post=5442"}],"version-history":[{"count":1,"href":"https:\/\/www.mikepotsdam.de\/index.php?rest_route=\/wp\/v2\/posts\/5442\/revisions"}],"predecessor-version":[{"id":5444,"href":"https:\/\/www.mikepotsdam.de\/index.php?rest_route=\/wp\/v2\/posts\/5442\/revisions\/5444"}],"wp:attachment":[{"href":"https:\/\/www.mikepotsdam.de\/index.php?rest_route=%2Fwp%2Fv2%2Fmedia&parent=5442"}],"wp:term":[{"taxonomy":"category","embeddable":true,"href":"https:\/\/www.mikepotsdam.de\/index.php?rest_route=%2Fwp%2Fv2%2Fcategories&post=5442"},{"taxonomy":"post_tag","embeddable":true,"href":"https:\/\/www.mikepotsdam.de\/index.php?rest_route=%2Fwp%2Fv2%2Ftags&post=5442"}],"curies":[{"name":"wp","href":"https:\/\/api.w.org\/{rel}","templated":true}]}}